{"id":4860,"date":"2025-11-10T13:57:10","date_gmt":"2025-11-10T16:57:10","guid":{"rendered":"https:\/\/tamarana.pr.gov.br\/novo\/?p=4860"},"modified":"2025-11-10T14:01:03","modified_gmt":"2025-11-10T17:01:03","slug":"dia-nacional-de-combate-a-dengue-tamarana-realiza-acao-educativa-em-diversos-pontos-da-cidade","status":"publish","type":"post","link":"https:\/\/tamarana.pr.gov.br\/novo\/dia-nacional-de-combate-a-dengue-tamarana-realiza-acao-educativa-em-diversos-pontos-da-cidade\/","title":{"rendered":"DIA NACIONAL DE COMBATE \u00c0 DENGUE: TAMARANA REALIZA A\u00c7\u00c3O EDUCATIVA EM DIVERSOS PONTOS DA CIDADE"},"content":{"rendered":"\t\t<div data-elementor-type=\"wp-post\" data-elementor-id=\"4860\" class=\"elementor elementor-4860\" data-elementor-post-type=\"post\">\n\t\t\t\t\t\t<section class=\"elementor-section elementor-top-section elementor-element elementor-element-29219d24 elementor-section-boxed elementor-section-height-default elementor-section-height-default\" data-id=\"29219d24\" data-element_type=\"section\" data-e-type=\"section\">\n\t\t\t\t\t\t<div class=\"elementor-container elementor-column-gap-default\">\n\t\t\t\t\t<div class=\"elementor-column elementor-col-100 elementor-top-column elementor-element elementor-element-385cce30\" data-id=\"385cce30\" data-element_type=\"column\" data-e-type=\"column\">\n\t\t\t<div class=\"elementor-widget-wrap elementor-element-populated\">\n\t\t\t\t\t\t<div class=\"elementor-element elementor-element-20782537 elementor-widget elementor-widget-text-editor\" data-id=\"20782537\" data-element_type=\"widget\" data-e-type=\"widget\" data-widget_type=\"text-editor.default\">\n\t\t\t\t<div class=\"elementor-widget-container\">\n\t\t\t\t\t\t\t\t\t\n<p>Em alus\u00e3o ao <strong>Dia Nacional de Combate a Dengue<\/strong>, celebrado em <strong>08 de Novembro<\/strong>, a equipe de <strong>Agente de Combate a Endemias (ACE&#8217;s)<\/strong> de Tamarana realizou uma ampla a\u00e7\u00e3o educativa em diferentes locais do munic\u00edpio.<\/p>\n\n<p>Durante o trabalho, os agentes sa\u00edram \u00e0s ruas para entregar <strong>panfletos informativos, orientar moradores e fixar cartazes<\/strong> com mensagens de preven\u00e7\u00e3o, refor\u00e7ando que o combate ao mosquito <strong>Aedes aegypti<\/strong>, transmissor da <strong>dengue, zika e chikungunya<\/strong>, depende da colabora\u00e7\u00e3o de todos.<\/p>\n\n<p>\u201cA luta contra a dengue n\u00e3o \u00e9 apenas do poder p\u00fablico. Cada morador tem um papel fundamental ao eliminar recipientes que possam acumular \u00e1gua e manter os quintais limpos\u201d, destacam os agentes.<\/p>\n\n<p><strong>Entre as principais orienta\u00e7\u00f5es repassadas \u00e0 popula\u00e7\u00e3o est\u00e3o:<\/strong><\/p>\n\n<ul class=\"wp-block-list\">\n<li>Eliminar recipientes que acumulem \u00e1gua;<\/li>\n\n<li>Manter quintais e terrenos limpos;<\/li>\n\n<li>Fechar bem as caixas d\u2019\u00e1gua;<\/li>\n\n<li>Verificar calhas, ralos e garrafas;<\/li>\n\n<li>E denunciar poss\u00edveis focos do mosquito.<\/li>\n<\/ul>\n\n<p>Durante a mobiliza\u00e7\u00e3o, a equipe conversou com os moradores, tirou d\u00favidas e refor\u00e7ou que <strong>a preven\u00e7\u00e3o come\u00e7a dentro de casa<\/strong>. Pequenas atitudes cotidianas podem evitar a reprodu\u00e7\u00e3o do mosquito e proteger toda a comunidade.<\/p>\n\n<p>Se cada um fizer a sua parte, Tamarana continuar\u00e1 avan\u00e7ando rumo a um munic\u00edpio mais saud\u00e1vel e livre do Aedes aegypti.<\/p>\n\n<figure class=\"wp-block-image size-large is-resized\"><img fetchpriority=\"high\" decoding=\"async\" width=\"768\" height=\"1024\" class=\"wp-image-4861\" style=\"aspect-ratio: 1; object-fit: cover; width: 800px; height: auto;\" src=\"https:\/\/tamarana.pr.gov.br\/novo\/wp-content\/uploads\/2025\/11\/WhatsApp-Image-2025-11-10-at-09.10.34-1-768x1024.jpeg\" alt=\"\" srcset=\"https:\/\/tamarana.pr.gov.br\/novo\/wp-content\/uploads\/2025\/11\/WhatsApp-Image-2025-11-10-at-09.10.34-1-768x1024.jpeg 768w, https:\/\/tamarana.pr.gov.br\/novo\/wp-content\/uploads\/2025\/11\/WhatsApp-Image-2025-11-10-at-09.10.34-1-225x300.jpeg 225w, https:\/\/tamarana.pr.gov.br\/novo\/wp-content\/uploads\/2025\/11\/WhatsApp-Image-2025-11-10-at-09.10.34-1.jpeg 960w\" sizes=\"(max-width: 768px) 100vw, 768px\" \/><\/figure>\n\n<p>\u00a0<\/p>\n\t\t\t\t\t\t\t\t<\/div>\n\t\t\t\t<\/div>\n\t\t\t\t\t<\/div>\n\t\t<\/div>\n\t\t\t\t\t<\/div>\n\t\t<\/section>\n\t\t\t\t<\/div>\n\t\t","protected":false},"excerpt":{"rendered":"<p>Em alus\u00e3o ao Dia Nacional de Combate a Dengue, celebrado em 08 de Novembro, a equipe de Agente de Combate a Endemias (ACE&#8217;s) de Tamarana realizou uma ampla a\u00e7\u00e3o educativa em diferentes locais do munic\u00edpio. Durante o trabalho, os agentes sa\u00edram \u00e0s ruas para entregar panfletos informativos, orientar moradores e fixar cartazes com mensagens de [&hellip;]<\/p>\n","protected":false},"author":7,"featured_media":4861,"comment_status":"closed","ping_status":"","sticky":false,"template":"","format":"standard","meta":{"footnotes":""},"categories":[8],"tags":[],"class_list":["post-4860","post","type-post","status-publish","format-standard","has-post-thumbnail","hentry","category-noticias"],"_links":{"self":[{"href":"https:\/\/tamarana.pr.gov.br\/novo\/wp-json\/wp\/v2\/posts\/4860","targetHints":{"allow":["GET"]}}],"collection":[{"href":"https:\/\/tamarana.pr.gov.br\/novo\/wp-json\/wp\/v2\/posts"}],"about":[{"href":"https:\/\/tamarana.pr.gov.br\/novo\/wp-json\/wp\/v2\/types\/post"}],"author":[{"embeddable":true,"href":"https:\/\/tamarana.pr.gov.br\/novo\/wp-json\/wp\/v2\/users\/7"}],"replies":[{"embeddable":true,"href":"https:\/\/tamarana.pr.gov.br\/novo\/wp-json\/wp\/v2\/comments?post=4860"}],"version-history":[{"count":5,"href":"https:\/\/tamarana.pr.gov.br\/novo\/wp-json\/wp\/v2\/posts\/4860\/revisions"}],"predecessor-version":[{"id":4873,"href":"https:\/\/tamarana.pr.gov.br\/novo\/wp-json\/wp\/v2\/posts\/4860\/revisions\/4873"}],"wp:featuredmedia":[{"embeddable":true,"href":"https:\/\/tamarana.pr.gov.br\/novo\/wp-json\/wp\/v2\/media\/4861"}],"wp:attachment":[{"href":"https:\/\/tamarana.pr.gov.br\/novo\/wp-json\/wp\/v2\/media?parent=4860"}],"wp:term":[{"taxonomy":"category","embeddable":true,"href":"https:\/\/tamarana.pr.gov.br\/novo\/wp-json\/wp\/v2\/categories?post=4860"},{"taxonomy":"post_tag","embeddable":true,"href":"https:\/\/tamarana.pr.gov.br\/novo\/wp-json\/wp\/v2\/tags?post=4860"}],"curies":[{"name":"wp","href":"https:\/\/api.w.org\/{rel}","templated":true}]}}