{"id":5585,"date":"2026-04-27T10:21:59","date_gmt":"2026-04-27T13:21:59","guid":{"rendered":"https:\/\/tamarana.pr.gov.br\/novo\/?p=5585"},"modified":"2026-04-27T10:21:59","modified_gmt":"2026-04-27T13:21:59","slug":"caminhada-na-natureza-apresenta-o-potencial-turistico-da-cidade-para-a-regiao","status":"publish","type":"post","link":"https:\/\/tamarana.pr.gov.br\/novo\/caminhada-na-natureza-apresenta-o-potencial-turistico-da-cidade-para-a-regiao\/","title":{"rendered":"Caminhada na Natureza apresenta o potencial tur\u00edstico da cidade para a regi\u00e3o"},"content":{"rendered":"\n<p>Mais de 300 pessoas participaram da Caminhada na Natureza no \u00faltimo fim de semana no Rancho do Pombo, zona rural de Tamarana. Entusiastas da pr\u00e1tica de exerc\u00edcio ao ar livre percorreram um circuito de mais de 5 km. O evento teve o intuito de estimular o turismo na regi\u00e3o. Os inscritos passaram por cachoeiras, trilha na mata fechada, com passagens estreitas, pontes e obst\u00e1culos de madeira.<\/p>\n\n\n\n<p>\u201cO evento foi um sucesso\u201d, afirma a respons\u00e1vel pela pasta do turismo de Tamarana, Juliana Elisa Silva de Quadros. Ela explica que o objetivo de divulgar o potencial tur\u00edstico na regi\u00e3o foi alcan\u00e7ado. \u201cIsso motiva a ampliar a\u00e7\u00f5es, realizar mais eventos e estimular a nossa agricultura familiar.\u201d<\/p>\n\n\n\n<p>Produtores da regi\u00e3o registraram vendas. Foram ofertados produtos caseiros como p\u00e3es, bolos, doces, sucos e artesanato. A diretora de turismo afirma que, para esses microempres\u00e1rios, um evento como este contribui para a amplia\u00e7\u00e3o do mercado. \u201cA Caminhada na Natureza levou o nome desses microempreendedores a outro n\u00edvel. Queremos mostrar as belezas naturais e aproximar a agricultura familiar da comunidade, apresentar os produtos e levar o nome de Tamarana para outros lugares\u201d, afirma a diretora.<\/p>\n\n\n\n<p>O evento contou com a presen\u00e7a da prefeita Luzia Harue Suzukawa, que deu as boas-vindas aos mun\u00edcipes e visitantes de outros munic\u00edpios. A prefeita destacou a import\u00e2ncia do turismo e da atividade f\u00edsica.<\/p>\n\n\n\n<p>O empres\u00e1rio londrinense Luciano Braga participou da 1\u00aa Caminhada na Natureza e citou as belezas naturais do munic\u00edpio e a organiza\u00e7\u00e3o do evento. \u201cConheci trilhas com organiza\u00e7\u00e3o e seguran\u00e7a. Foi um evento nota 1000\u201d, afirma o empres\u00e1rio.<\/p>\n\n\n\n<figure class=\"wp-block-gallery has-nested-images columns-default is-cropped wp-block-gallery-1 is-layout-flex wp-block-gallery-is-layout-flex\">\n<figure class=\"wp-block-image size-large\"><img fetchpriority=\"high\" decoding=\"async\" width=\"1024\" height=\"683\" data-id=\"5586\" src=\"https:\/\/tamarana.pr.gov.br\/novo\/wp-content\/uploads\/2026\/04\/DSC_0009-1024x683.jpg\" alt=\"\" class=\"wp-image-5586\" srcset=\"https:\/\/tamarana.pr.gov.br\/novo\/wp-content\/uploads\/2026\/04\/DSC_0009-1024x683.jpg 1024w, https:\/\/tamarana.pr.gov.br\/novo\/wp-content\/uploads\/2026\/04\/DSC_0009-300x200.jpg 300w, https:\/\/tamarana.pr.gov.br\/novo\/wp-content\/uploads\/2026\/04\/DSC_0009-768x512.jpg 768w, https:\/\/tamarana.pr.gov.br\/novo\/wp-content\/uploads\/2026\/04\/DSC_0009-1536x1024.jpg 1536w, https:\/\/tamarana.pr.gov.br\/novo\/wp-content\/uploads\/2026\/04\/DSC_0009-2048x1365.jpg 2048w\" sizes=\"(max-width: 1024px) 100vw, 1024px\" \/><\/figure>\n\n\n\n<figure class=\"wp-block-image size-large\"><img decoding=\"async\" width=\"1024\" height=\"683\" data-id=\"5587\" src=\"https:\/\/tamarana.pr.gov.br\/novo\/wp-content\/uploads\/2026\/04\/DSC_0041-1024x683.jpg\" alt=\"\" class=\"wp-image-5587\" srcset=\"https:\/\/tamarana.pr.gov.br\/novo\/wp-content\/uploads\/2026\/04\/DSC_0041-1024x683.jpg 1024w, https:\/\/tamarana.pr.gov.br\/novo\/wp-content\/uploads\/2026\/04\/DSC_0041-300x200.jpg 300w, https:\/\/tamarana.pr.gov.br\/novo\/wp-content\/uploads\/2026\/04\/DSC_0041-768x512.jpg 768w, https:\/\/tamarana.pr.gov.br\/novo\/wp-content\/uploads\/2026\/04\/DSC_0041-1536x1024.jpg 1536w, https:\/\/tamarana.pr.gov.br\/novo\/wp-content\/uploads\/2026\/04\/DSC_0041-2048x1365.jpg 2048w\" sizes=\"(max-width: 1024px) 100vw, 1024px\" \/><\/figure>\n\n\n\n<figure class=\"wp-block-image size-large\"><img decoding=\"async\" width=\"683\" height=\"1024\" data-id=\"5588\" src=\"https:\/\/tamarana.pr.gov.br\/novo\/wp-content\/uploads\/2026\/04\/DSC_0079-683x1024.jpg\" alt=\"\" class=\"wp-image-5588\" srcset=\"https:\/\/tamarana.pr.gov.br\/novo\/wp-content\/uploads\/2026\/04\/DSC_0079-683x1024.jpg 683w, https:\/\/tamarana.pr.gov.br\/novo\/wp-content\/uploads\/2026\/04\/DSC_0079-200x300.jpg 200w, https:\/\/tamarana.pr.gov.br\/novo\/wp-content\/uploads\/2026\/04\/DSC_0079-768x1152.jpg 768w, https:\/\/tamarana.pr.gov.br\/novo\/wp-content\/uploads\/2026\/04\/DSC_0079-1024x1536.jpg 1024w, https:\/\/tamarana.pr.gov.br\/novo\/wp-content\/uploads\/2026\/04\/DSC_0079-1365x2048.jpg 1365w, https:\/\/tamarana.pr.gov.br\/novo\/wp-content\/uploads\/2026\/04\/DSC_0079-scaled.jpg 1707w\" sizes=\"(max-width: 683px) 100vw, 683px\" \/><\/figure>\n\n\n\n<figure class=\"wp-block-image size-large\"><img loading=\"lazy\" decoding=\"async\" width=\"1024\" height=\"683\" data-id=\"5589\" src=\"https:\/\/tamarana.pr.gov.br\/novo\/wp-content\/uploads\/2026\/04\/DSC_0103-1024x683.jpg\" alt=\"\" class=\"wp-image-5589\" srcset=\"https:\/\/tamarana.pr.gov.br\/novo\/wp-content\/uploads\/2026\/04\/DSC_0103-1024x683.jpg 1024w, https:\/\/tamarana.pr.gov.br\/novo\/wp-content\/uploads\/2026\/04\/DSC_0103-300x200.jpg 300w, https:\/\/tamarana.pr.gov.br\/novo\/wp-content\/uploads\/2026\/04\/DSC_0103-768x512.jpg 768w, https:\/\/tamarana.pr.gov.br\/novo\/wp-content\/uploads\/2026\/04\/DSC_0103-1536x1024.jpg 1536w, https:\/\/tamarana.pr.gov.br\/novo\/wp-content\/uploads\/2026\/04\/DSC_0103-2048x1365.jpg 2048w\" sizes=\"(max-width: 1024px) 100vw, 1024px\" \/><\/figure>\n<\/figure>\n","protected":false},"excerpt":{"rendered":"<p>Mais de 300 pessoas participaram da Caminhada na Natureza no \u00faltimo fim de semana no Rancho do Pombo, zona rural de Tamarana. Entusiastas da pr\u00e1tica de exerc\u00edcio ao ar livre percorreram um circuito de mais de 5 km. O evento teve o intuito de estimular o turismo na regi\u00e3o. Os inscritos passaram por cachoeiras, trilha [&hellip;]<\/p>\n","protected":false},"author":10,"featured_media":0,"comment_status":"closed","ping_status":"","sticky":false,"template":"","format":"standard","meta":{"footnotes":""},"categories":[8],"tags":[],"class_list":["post-5585","post","type-post","status-publish","format-standard","hentry","category-noticias"],"_links":{"self":[{"href":"https:\/\/tamarana.pr.gov.br\/novo\/wp-json\/wp\/v2\/posts\/5585","targetHints":{"allow":["GET"]}}],"collection":[{"href":"https:\/\/tamarana.pr.gov.br\/novo\/wp-json\/wp\/v2\/posts"}],"about":[{"href":"https:\/\/tamarana.pr.gov.br\/novo\/wp-json\/wp\/v2\/types\/post"}],"author":[{"embeddable":true,"href":"https:\/\/tamarana.pr.gov.br\/novo\/wp-json\/wp\/v2\/users\/10"}],"replies":[{"embeddable":true,"href":"https:\/\/tamarana.pr.gov.br\/novo\/wp-json\/wp\/v2\/comments?post=5585"}],"version-history":[{"count":1,"href":"https:\/\/tamarana.pr.gov.br\/novo\/wp-json\/wp\/v2\/posts\/5585\/revisions"}],"predecessor-version":[{"id":5590,"href":"https:\/\/tamarana.pr.gov.br\/novo\/wp-json\/wp\/v2\/posts\/5585\/revisions\/5590"}],"wp:attachment":[{"href":"https:\/\/tamarana.pr.gov.br\/novo\/wp-json\/wp\/v2\/media?parent=5585"}],"wp:term":[{"taxonomy":"category","embeddable":true,"href":"https:\/\/tamarana.pr.gov.br\/novo\/wp-json\/wp\/v2\/categories?post=5585"},{"taxonomy":"post_tag","embeddable":true,"href":"https:\/\/tamarana.pr.gov.br\/novo\/wp-json\/wp\/v2\/tags?post=5585"}],"curies":[{"name":"wp","href":"https:\/\/api.w.org\/{rel}","templated":true}]}}