{"id":572,"date":"2023-05-30T08:04:01","date_gmt":"2023-05-30T11:04:01","guid":{"rendered":"https:\/\/tamarana.pr.gov.br\/novo\/?p=572"},"modified":"2023-07-13T10:48:19","modified_gmt":"2023-07-13T13:48:19","slug":"secretaria-de-meio-ambiente-e-recursos-hidricos","status":"publish","type":"post","link":"https:\/\/tamarana.pr.gov.br\/novo\/secretaria-de-meio-ambiente-e-recursos-hidricos\/","title":{"rendered":"Secretaria de Meio Ambiente e Recursos H\u00eddricos"},"content":{"rendered":"\n<p>A Secretaria de Meio Ambiente e Recursos H\u00eddricos tem as seguintes atribui\u00e7\u00f5es: formular, coordenar e executar a pol\u00edtica municipal do meio ambiente, a preserva\u00e7\u00e3o, conserva\u00e7\u00e3o e uso racional da \u00e1gua e do solo, e a fiscaliza\u00e7\u00e3o, controle e fomento dos recursos ambientais; preservar e conservar pra\u00e7as, parques, bosques e jardins; conservar e recuperar fundos de vale e \u00e1reas de preserva\u00e7\u00e3o permanente; manter a adequada destina\u00e7\u00e3o de res\u00edduos s\u00f3lidos; realizar atividades voltadas \u00e0 preserva\u00e7\u00e3o e conserva\u00e7\u00e3o ambiental; coordenar e executar a pol\u00edtica dos servi\u00e7os de reciclagem e disposi\u00e7\u00e3o final do lixo e res\u00edduos s\u00f3lidos; fiscalizar os servi\u00e7os de limpeza e conserva\u00e7\u00e3o de terrenos baldios no per\u00edmetro urbano; proteger e conservar as nascentes e o entorno dos rios; gerir o Fundo Municipal de Meio Ambiente; promover a manuten\u00e7\u00e3o da arboriza\u00e7\u00e3o p\u00fablica, atrav\u00e9s do plantio e replantio de mudas, da remo\u00e7\u00e3o de flores e folhagens, da poda de \u00e1rvores, entre outros; manter a infraestrutura e gerenciar o Aterro Sanit\u00e1rio; manter, conservar e fiscalizar \u00e1reas de interesse ambiental e lotes baldios; implementar pol\u00edticas e desenvolver campanhas de educa\u00e7\u00e3o ambiental visando o equil\u00edbrio ecol\u00f3gico e a conscientiza\u00e7\u00e3o da popula\u00e7\u00e3o; fazer cumprir as leis federais, estaduais e municipais relativas ao meio ambiente; estabelecer a coopera\u00e7\u00e3o t\u00e9cnica e cient\u00edfica com institui\u00e7\u00f5es nacionais e internacionais de defesa e prote\u00e7\u00e3o do meio ambiente; intermediar conv\u00eanios, acordos, ajustes, termos de coopera\u00e7\u00e3o t\u00e9cnica e\/ou financeira ou instrumentos cong\u00eaneres, com entidades privadas sem fins lucrativos e \u00f3rg\u00e3os da administra\u00e7\u00e3o direta e indireta da Uni\u00e3o, estados e outros munic\u00edpios; fiscalizar o cumprimento do C\u00f3digo de Posturas e do Plano Diretor do munic\u00edpio em conjunto com a Secretaria municipal de Fazenda e a Secretaria municipal de Administra\u00e7\u00e3o; elaborar e desenvolver projetos ambientais para capta\u00e7\u00e3o de recursos junto a \u00f3rg\u00e3os estaduais, federais e internacionais; realizar atividades de regulariza\u00e7\u00e3o e licenciamento ambiental de empreendimentos e atividades de impacto local \u2013 ou seja, aqueles que se circunscrevam aos limites do territ\u00f3rio municipal \u2013 e outras que lhes forem delegadas pelo Estado, atrav\u00e9s de instrumentos legais e conv\u00eanios, considerando as disposi\u00e7\u00f5es legais e regulamentares e as normas t\u00e9cnicas aplic\u00e1veis; desenvolver a\u00e7\u00f5es integradas com outras secretarias municipais; executar atividades administrativas no \u00e2mbito da secretaria; efetuar o planejamento das atividades anuais e plurianuais, no \u00e2mbito da secretaria; zelar pelo patrim\u00f4nio alocado na unidade, comunicando o \u00f3rg\u00e3o respons\u00e1vel sobre eventuais altera\u00e7\u00f5es (reda\u00e7\u00e3o dada pela lei municipal 1.032, de 30\/05\/2014).<\/p>\n\n\n\n<p>A estrutura administrativa da Prefeitura de Tamarana est\u00e1 detalhada na lei municipal 612, de 15\/12\/2008, que, por sua vez, foi alterada pelas leis municipais\u00a0724 (de 20\/07\/2010),\u00a0844 (de 14\/12\/2011),\u00a0987 (de 21\/11\/2013) e 1.032 (de 30\/05\/2014). <\/p>\n\n\n\n<p><strong>Secret\u00e1rio: <\/strong>Levi Alves dos Santos<\/p>\n\n\n\n<p><strong>Localiza\u00e7\u00e3o e contatos:<\/strong><\/p>\n\n\n\n<p>Rua Albino Lovo, 85, Centro<\/p>\n\n\n\n<p>&nbsp;(43) 3398-1948<\/p>\n\n\n\n<p><em>meioambiente@tamarana.pr.gov.br<\/em><\/p>\n\n\n\n<p><strong>Unidade vinculada \u00e0 Secretaria de Meio Ambiente e Recursos H\u00eddricos:<\/strong><\/p>\n\n\n\n<ul class=\"wp-block-list\">\n<li><strong>Viveiro Municipal:&nbsp;<\/strong>Rua Anci\u00e3o Vicente Sutil de Oliveira, s\/n (fundos do P\u00e1tio de M\u00e1quinas do munic\u00edpio, pr\u00f3ximo \u00e0 igreja Congrega\u00e7\u00e3o Crist\u00e3 no Brasil), Centro \u2013&nbsp;(43) 3398-1952 (P\u00e1tio de M\u00e1quinas)<\/li>\n<\/ul>\n\n\n\n<p><strong>COLETA DE RECICL\u00c1VEIS<\/strong><\/p>\n\n\n\n<p>Voc\u00ea pode conferir quais s\u00e3o os dias em que o caminh\u00e3o de coleta de res\u00edduos recicl\u00e1veis passa em seu bairro ao acessar&nbsp;<a href=\"http:\/\/bit.ly\/coletareciclaveis2018\" target=\"_blank\" rel=\"noreferrer noopener\">esta p\u00e1gina<\/a>:&nbsp;<em>http:\/\/bit.ly\/coletareciclaveis2018<\/em><\/p>\n\n\n\n<p>Em caso de d\u00favidas, reclama\u00e7\u00f5es ou sugest\u00f5es sobre o servi\u00e7o, ligue 3398-1948 ou envie&nbsp;<em>e-mail<\/em>&nbsp;para&nbsp;<em>meioambiente@tamarana.pr.gov.br<\/em><\/p>\n","protected":false},"excerpt":{"rendered":"<p>A Secretaria de Meio Ambiente e Recursos H\u00eddricos tem as seguintes atribui\u00e7\u00f5es: formular, coordenar e executar a pol\u00edtica municipal do meio ambiente, a preserva\u00e7\u00e3o, conserva\u00e7\u00e3o e uso racional da \u00e1gua e do solo, e a fiscaliza\u00e7\u00e3o, controle e fomento dos recursos ambientais; preservar e conservar pra\u00e7as, parques, bosques e jardins; conservar e recuperar fundos de [&hellip;]<\/p>\n","protected":false},"author":2,"featured_media":381,"comment_status":"closed","ping_status":"","sticky":false,"template":"","format":"standard","meta":{"footnotes":""},"categories":[17],"tags":[],"class_list":["post-572","post","type-post","status-publish","format-standard","has-post-thumbnail","hentry","category-secretarias"],"_links":{"self":[{"href":"https:\/\/tamarana.pr.gov.br\/novo\/wp-json\/wp\/v2\/posts\/572","targetHints":{"allow":["GET"]}}],"collection":[{"href":"https:\/\/tamarana.pr.gov.br\/novo\/wp-json\/wp\/v2\/posts"}],"about":[{"href":"https:\/\/tamarana.pr.gov.br\/novo\/wp-json\/wp\/v2\/types\/post"}],"author":[{"embeddable":true,"href":"https:\/\/tamarana.pr.gov.br\/novo\/wp-json\/wp\/v2\/users\/2"}],"replies":[{"embeddable":true,"href":"https:\/\/tamarana.pr.gov.br\/novo\/wp-json\/wp\/v2\/comments?post=572"}],"version-history":[{"count":3,"href":"https:\/\/tamarana.pr.gov.br\/novo\/wp-json\/wp\/v2\/posts\/572\/revisions"}],"predecessor-version":[{"id":2252,"href":"https:\/\/tamarana.pr.gov.br\/novo\/wp-json\/wp\/v2\/posts\/572\/revisions\/2252"}],"wp:featuredmedia":[{"embeddable":true,"href":"https:\/\/tamarana.pr.gov.br\/novo\/wp-json\/wp\/v2\/media\/381"}],"wp:attachment":[{"href":"https:\/\/tamarana.pr.gov.br\/novo\/wp-json\/wp\/v2\/media?parent=572"}],"wp:term":[{"taxonomy":"category","embeddable":true,"href":"https:\/\/tamarana.pr.gov.br\/novo\/wp-json\/wp\/v2\/categories?post=572"},{"taxonomy":"post_tag","embeddable":true,"href":"https:\/\/tamarana.pr.gov.br\/novo\/wp-json\/wp\/v2\/tags?post=572"}],"curies":[{"name":"wp","href":"https:\/\/api.w.org\/{rel}","templated":true}]}}