{"id":6535,"date":"2026-09-01T13:50:06","date_gmt":"2026-09-01T16:50:06","guid":{"rendered":"https:\/\/tamarana.pr.gov.br\/novo\/?p=6535"},"modified":"2026-09-01T13:50:06","modified_gmt":"2026-09-01T16:50:06","slug":"tamarana-abre-semana-da-patria-com-hasteamento-e-dispensa-militar","status":"publish","type":"post","link":"https:\/\/tamarana.pr.gov.br\/novo\/tamarana-abre-semana-da-patria-com-hasteamento-e-dispensa-militar\/","title":{"rendered":"Tamarana abre Semana da P\u00e1tria com hasteamento e dispensa militar"},"content":{"rendered":"\n<p class=\"wp-block-paragraph\">Tamarana iniciou as comemora\u00e7\u00f5es da Semana da P\u00e1tria com o hasteamento da bandeira na pra\u00e7a da matriz e a entrega do certificado de dispensa do servi\u00e7o militar dos recrutas tamaranenses. A cerim\u00f4nia contou com a presen\u00e7a dos membros 30\u00ba Batalh\u00e3o de Infantaria Mecanizado (30\u00ba BIMec) de Apucarana, da prefeita Luzia Harue Suzukawa, do vice-prefeito Jo\u00e3o Vanite e da vereadora Jislaine Vanite.<\/p>\n\n\n\n<p class=\"wp-block-paragraph\">A prefeita Luzia refor\u00e7ou junto aos recrutas que o Brasil \u00e9 uma terra aben\u00e7oada e temos que cumprir com o nosso dever c\u00edvico. Ederson Gil de Mello, secret\u00e1rio da junta militar de Tamarana, comemora a Semana da P\u00e1tria e descreve que antes Tamarana n\u00e3o tinha um evento tradicional. \u201cA abertura da Semana da P\u00e1tria est\u00e1 vindo no mandato da Luzia e todo ano est\u00e1 sendo feito de uma forma diferente\u201d, observa.<\/p>\n\n\n\n<p class=\"wp-block-paragraph\">Nesta edi\u00e7\u00e3o, completa, a junta militar quis aproveitar o momento para fazer a dispensa de incorpora\u00e7\u00e3o do pessoal. \u201cEnt\u00e3o, no momento c\u00edvico, a popula\u00e7\u00e3o est\u00e1 participando mais, mas agora a gente est\u00e1 vendo isso\u201d, destaca.<\/p>\n\n\n\n<p class=\"wp-block-paragraph\">Uma s\u00e9rie de eventos marcar\u00e3o a semana da p\u00e1tria.<\/p>\n\n\n\n<p class=\"wp-block-paragraph\">Programa\u00e7\u00e3o da Semana da P\u00e1tria 2026 em Tamarana<\/p>\n\n\n\n<p class=\"wp-block-paragraph\">SEMANA DA P\u00c1TRIA 2026<\/p>\n\n\n\n<p class=\"wp-block-paragraph\">&#x1f6a8; PROGRAMA\u00c7\u00c3O<\/p>\n\n\n\n<p class=\"wp-block-paragraph\">&#x1f1e7;&#x1f1f7; 01\/09 \u2013 TER\u00c7A-FEIRA<\/p>\n\n\n\n<p class=\"wp-block-paragraph\">&#x2600;&#xfe0f; Manh\u00e3: Juramento da Bandeira<\/p>\n\n\n\n<p class=\"wp-block-paragraph\">&#x1f552; Tarde: Escola Municipal Taeko Lima Almeida<\/p>\n\n\n\n<p class=\"wp-block-paragraph\">&#x1f1e7;&#x1f1f7; 02\/09 \u2013 QUARTA-FEIRA<\/p>\n\n\n\n<p class=\"wp-block-paragraph\">&#x2600;&#xfe0f; Manh\u00e3: APAE<\/p>\n\n\n\n<p class=\"wp-block-paragraph\">&#x2600;&#xfe0f;&#x1f552; Manh\u00e3 e tarde: CEMCA<\/p>\n\n\n\n<p class=\"wp-block-paragraph\">&#x1f1e7;&#x1f1f7; 03\/09 \u2013 QUINTA-FEIRA<\/p>\n\n\n\n<p class=\"wp-block-paragraph\">&#x2600;&#xfe0f; Manh\u00e3: Escola Rural Municipal Enes Barbosa<\/p>\n\n\n\n<p class=\"wp-block-paragraph\">&#x2600;&#xfe0f;&#x1f552; Manh\u00e3 e tarde: Escola Municipal Prof.\u00aa Iracema Torres Rochedo<\/p>\n\n\n\n<p class=\"wp-block-paragraph\">&#x1f1e7;&#x1f1f7; 04\/09 \u2013 SEXTA-FEIRA<\/p>\n\n\n\n<p class=\"wp-block-paragraph\">&#x2600;&#xfe0f;&#x1f552; Manh\u00e3 e tarde: CMEI Prof.\u00aa Eva Ramiro e CMEI Adilson Siqueira dos Santos<\/p>\n\n\n\n<p class=\"wp-block-paragraph\">&#x2600;&#xfe0f; Manh\u00e3: Escola Municipal Taeko Lima Almeida<\/p>\n\n\n\n<p class=\"wp-block-paragraph\">&#x1f4cd; LOCAL: Pra\u00e7a Matriz<\/p>\n\n\n\n<p class=\"wp-block-paragraph\">&#x1f563; Hasteamento: 8h30<\/p>\n\n\n\n<p class=\"wp-block-paragraph\">&#x1f553; Arriamento: 16h<\/p>\n\n\n\n<figure class=\"wp-block-gallery has-nested-images columns-default is-cropped wp-block-gallery-1 is-layout-flex wp-block-gallery-is-layout-flex\">\n<figure class=\"wp-block-image size-large\"><img fetchpriority=\"high\" decoding=\"async\" width=\"1024\" height=\"683\" data-id=\"6536\" src=\"https:\/\/tamarana.pr.gov.br\/novo\/wp-content\/uploads\/2026\/09\/IMG_3443-1024x683.jpg\" alt=\"\" class=\"wp-image-6536\" srcset=\"https:\/\/tamarana.pr.gov.br\/novo\/wp-content\/uploads\/2026\/09\/IMG_3443-1024x683.jpg 1024w, https:\/\/tamarana.pr.gov.br\/novo\/wp-content\/uploads\/2026\/09\/IMG_3443-300x200.jpg 300w, https:\/\/tamarana.pr.gov.br\/novo\/wp-content\/uploads\/2026\/09\/IMG_3443-768x512.jpg 768w, https:\/\/tamarana.pr.gov.br\/novo\/wp-content\/uploads\/2026\/09\/IMG_3443-1536x1024.jpg 1536w, https:\/\/tamarana.pr.gov.br\/novo\/wp-content\/uploads\/2026\/09\/IMG_3443-2048x1365.jpg 2048w\" sizes=\"(max-width: 1024px) 100vw, 1024px\" \/><\/figure>\n\n\n\n<figure class=\"wp-block-image size-large\"><img decoding=\"async\" width=\"1024\" height=\"683\" data-id=\"6537\" src=\"https:\/\/tamarana.pr.gov.br\/novo\/wp-content\/uploads\/2026\/09\/IMG_3450-1024x683.jpg\" alt=\"\" class=\"wp-image-6537\" srcset=\"https:\/\/tamarana.pr.gov.br\/novo\/wp-content\/uploads\/2026\/09\/IMG_3450-1024x683.jpg 1024w, https:\/\/tamarana.pr.gov.br\/novo\/wp-content\/uploads\/2026\/09\/IMG_3450-300x200.jpg 300w, https:\/\/tamarana.pr.gov.br\/novo\/wp-content\/uploads\/2026\/09\/IMG_3450-768x512.jpg 768w, https:\/\/tamarana.pr.gov.br\/novo\/wp-content\/uploads\/2026\/09\/IMG_3450-1536x1024.jpg 1536w, https:\/\/tamarana.pr.gov.br\/novo\/wp-content\/uploads\/2026\/09\/IMG_3450-2048x1365.jpg 2048w\" sizes=\"(max-width: 1024px) 100vw, 1024px\" \/><\/figure>\n\n\n\n<figure class=\"wp-block-image size-large\"><img decoding=\"async\" width=\"1024\" height=\"683\" data-id=\"6538\" src=\"https:\/\/tamarana.pr.gov.br\/novo\/wp-content\/uploads\/2026\/09\/IMG_3457-1024x683.jpg\" alt=\"\" class=\"wp-image-6538\" srcset=\"https:\/\/tamarana.pr.gov.br\/novo\/wp-content\/uploads\/2026\/09\/IMG_3457-1024x683.jpg 1024w, https:\/\/tamarana.pr.gov.br\/novo\/wp-content\/uploads\/2026\/09\/IMG_3457-300x200.jpg 300w, https:\/\/tamarana.pr.gov.br\/novo\/wp-content\/uploads\/2026\/09\/IMG_3457-768x512.jpg 768w, https:\/\/tamarana.pr.gov.br\/novo\/wp-content\/uploads\/2026\/09\/IMG_3457-1536x1024.jpg 1536w, https:\/\/tamarana.pr.gov.br\/novo\/wp-content\/uploads\/2026\/09\/IMG_3457-2048x1365.jpg 2048w\" sizes=\"(max-width: 1024px) 100vw, 1024px\" \/><\/figure>\n<\/figure>\n\n\n\n<p class=\"wp-block-paragraph\"><\/p>\n","protected":false},"excerpt":{"rendered":"<p>Tamarana iniciou as comemora\u00e7\u00f5es da Semana da P\u00e1tria com o hasteamento da bandeira na pra\u00e7a da matriz e a entrega do certificado de dispensa do servi\u00e7o militar dos recrutas tamaranenses. A cerim\u00f4nia contou com a presen\u00e7a dos membros 30\u00ba Batalh\u00e3o de Infantaria Mecanizado (30\u00ba BIMec) de Apucarana, da prefeita Luzia Harue Suzukawa, do vice-prefeito Jo\u00e3o [&hellip;]<\/p>\n","protected":false},"author":10,"featured_media":0,"comment_status":"closed","ping_status":"","sticky":false,"template":"","format":"standard","meta":{"footnotes":""},"categories":[8],"tags":[],"class_list":["post-6535","post","type-post","status-publish","format-standard","hentry","category-noticias"],"_links":{"self":[{"href":"https:\/\/tamarana.pr.gov.br\/novo\/wp-json\/wp\/v2\/posts\/6535","targetHints":{"allow":["GET"]}}],"collection":[{"href":"https:\/\/tamarana.pr.gov.br\/novo\/wp-json\/wp\/v2\/posts"}],"about":[{"href":"https:\/\/tamarana.pr.gov.br\/novo\/wp-json\/wp\/v2\/types\/post"}],"author":[{"embeddable":true,"href":"https:\/\/tamarana.pr.gov.br\/novo\/wp-json\/wp\/v2\/users\/10"}],"replies":[{"embeddable":true,"href":"https:\/\/tamarana.pr.gov.br\/novo\/wp-json\/wp\/v2\/comments?post=6535"}],"version-history":[{"count":1,"href":"https:\/\/tamarana.pr.gov.br\/novo\/wp-json\/wp\/v2\/posts\/6535\/revisions"}],"predecessor-version":[{"id":6544,"href":"https:\/\/tamarana.pr.gov.br\/novo\/wp-json\/wp\/v2\/posts\/6535\/revisions\/6544"}],"wp:attachment":[{"href":"https:\/\/tamarana.pr.gov.br\/novo\/wp-json\/wp\/v2\/media?parent=6535"}],"wp:term":[{"taxonomy":"category","embeddable":true,"href":"https:\/\/tamarana.pr.gov.br\/novo\/wp-json\/wp\/v2\/categories?post=6535"},{"taxonomy":"post_tag","embeddable":true,"href":"https:\/\/tamarana.pr.gov.br\/novo\/wp-json\/wp\/v2\/tags?post=6535"}],"curies":[{"name":"wp","href":"https:\/\/api.w.org\/{rel}","templated":true}]}}