{"id":6545,"date":"2026-09-01T14:44:37","date_gmt":"2026-09-01T17:44:37","guid":{"rendered":"https:\/\/tamarana.pr.gov.br\/novo\/?p=6545"},"modified":"2026-09-01T14:44:37","modified_gmt":"2026-09-01T17:44:37","slug":"setembro-amarelo-por-ano-suicidios-pelo-mundo-tiram-o-equivalente-a-populacao-de-um-estado-brasileiro","status":"publish","type":"post","link":"https:\/\/tamarana.pr.gov.br\/novo\/setembro-amarelo-por-ano-suicidios-pelo-mundo-tiram-o-equivalente-a-populacao-de-um-estado-brasileiro\/","title":{"rendered":"Setembro Amarelo: por ano, suic\u00eddios pelo mundo tiram o equivalente \u00e0 popula\u00e7\u00e3o de um estado brasileiro"},"content":{"rendered":"\n<p class=\"wp-block-paragraph\"><em>Mais de 720 mil pessoas morrem por suic\u00eddio no mundo todos os anos. \u00c9 como perder, a cada ano, uma popula\u00e7\u00e3o do tamanho de Roraima.<\/em><br><br><strong><em>(Texto produzido e publicado pela comunica\u00e7\u00e3o da Associa\u00e7\u00e3o Brasileira de Psiquiatria)<\/em><\/strong><\/p>\n\n\n\n<p class=\"wp-block-paragraph\">Pe\u00e7a ajuda, ligue 188.<br><br>Come\u00e7a nessa ter\u00e7a-feira! A campanha nacional do Setembro Amarelo\u00ae completa 13 anos no Brasil em 2026, e continua uma pauta urgente: mais de 720 mil pessoas cometem suic\u00eddio no mundo todos os anos, segundo a Organiza\u00e7\u00e3o Mundial de Sa\u00fade (OMS). \u00c9 como se, anualmente, todos os 738 mil habitantes do estado de Roraima desaparecessem.<\/p>\n\n\n\n<p class=\"wp-block-paragraph\">O suic\u00eddio \u00e9 a terceira principal causa de morte entre jovens de 15 a 29 anos. Para entender esse cen\u00e1rio, uma pesquisa brasileira observou indicadores no in\u00edcio da vida que pudessem prever o risco de tentativas suicidas no futuro. Os principais fatores foram ser do sexo feminino, sofrer traumas na inf\u00e2ncia, ter um cuidador principal com hist\u00f3rico de comportamento suicida e apresentar transtornos mentais. O estudo foi publicado na The Lancet Regional Health \u2013 Americas.<\/p>\n\n\n\n<p class=\"wp-block-paragraph\">S\u00e3o 42 suic\u00eddios di\u00e1rios s\u00f3 no Brasil, de acordo com o Minist\u00e9rio da Sa\u00fade. O n\u00famero \u00e9 questionado por entidades de sa\u00fade; suic\u00eddios s\u00e3o reconhecidamente subnotificados, seja por entraves burocr\u00e1ticos, mortes com \u201ccausas indeterminadas\u201d que n\u00e3o s\u00e3o investigadas e pelo estigma social.<\/p>\n\n\n\n<p class=\"wp-block-paragraph\"><strong>A luta contra o preconceito<\/strong><\/p>\n\n\n\n<p class=\"wp-block-paragraph\">Desestigmatizar esse assunto \u00e9 um dos cernes da campanha do Setembro Amarelo\u00ae, uma iniciativa da Associa\u00e7\u00e3o Brasileira de Psiquiatria (ABP) em parceria com o Conselho Federal de Medicina (CFM) desde 2013. A inspira\u00e7\u00e3o veio dos EUA, onde um suic\u00eddio levou a um movimento nacional de preven\u00e7\u00e3o, o Yellow Ribbon Suicide Prevention Program.<\/p>\n\n\n\n<p class=\"wp-block-paragraph\">Desde ent\u00e3o, a ABP se dedica a a\u00e7\u00f5es de conscientiza\u00e7\u00e3o por todo o Brasil, levando a pauta para empresas, institui\u00e7\u00f5es de ensino, \u00f3rg\u00e3os governamentais, organiza\u00e7\u00f5es civis e \u00e0s principais Casas Legislativas do pa\u00eds. S\u00e3o milhares de eventos, palestras e campanhas educativas para democratizar o di\u00e1logo sobre doen\u00e7as mentais.<\/p>\n\n\n\n<p class=\"wp-block-paragraph\">Em 2026, para alertar a sociedade sobre a import\u00e2ncia de prevenir o suic\u00eddio, a Associa\u00e7\u00e3o leva a ilumina\u00e7\u00e3o amarela para diversos lugares do Brasil, como Rio de Janeiro (Cristo Redentor, Igreja da Penha, Arcos da Lapa e Monumento Est\u00e1cio de S\u00e1), Bras\u00edlia (Senado e Congresso) e Belo Horizonte (Prefeitura e Pra\u00e7a da Esta\u00e7\u00e3o).<\/p>\n\n\n\n<p class=\"wp-block-paragraph\">Outro exemplo foi a produ\u00e7\u00e3o de cartilhas segmentadas e gratuitas, que facilitam o acesso a informa\u00e7\u00f5es cient\u00edficas confi\u00e1veis e de qualidade, inclusive mostrando como e onde buscar ajuda. Para ter acesso aos materiais e saber mais sobre a Campanha Setembro Amarelo\u00ae, acesse: https:\/\/www.setembroamarelo.com\/<\/p>\n\n\n\n<p class=\"wp-block-paragraph\">Assim, as pessoas podem buscar ajuda profissional, tratar doen\u00e7as mentais de modo adequado e evitar o suic\u00eddio. Por mais simb\u00f3lico que seja o m\u00eas de setembro, isso pode ser prevenido o ano inteiro.<\/p>\n\n\n\n<figure class=\"wp-block-image size-large\"><img fetchpriority=\"high\" decoding=\"async\" width=\"777\" height=\"1024\" src=\"https:\/\/tamarana.pr.gov.br\/novo\/wp-content\/uploads\/2026\/09\/ChatGPT-Image-1-de-set.-de-2026-14_31_49-777x1024.png\" alt=\"\" class=\"wp-image-6546\" srcset=\"https:\/\/tamarana.pr.gov.br\/novo\/wp-content\/uploads\/2026\/09\/ChatGPT-Image-1-de-set.-de-2026-14_31_49-777x1024.png 777w, https:\/\/tamarana.pr.gov.br\/novo\/wp-content\/uploads\/2026\/09\/ChatGPT-Image-1-de-set.-de-2026-14_31_49-228x300.png 228w, https:\/\/tamarana.pr.gov.br\/novo\/wp-content\/uploads\/2026\/09\/ChatGPT-Image-1-de-set.-de-2026-14_31_49-768x1013.png 768w, https:\/\/tamarana.pr.gov.br\/novo\/wp-content\/uploads\/2026\/09\/ChatGPT-Image-1-de-set.-de-2026-14_31_49.png 1092w\" sizes=\"(max-width: 777px) 100vw, 777px\" \/><\/figure>\n","protected":false},"excerpt":{"rendered":"<p>Mais de 720 mil pessoas morrem por suic\u00eddio no mundo todos os anos. \u00c9 como perder, a cada ano, uma popula\u00e7\u00e3o do tamanho de Roraima. (Texto produzido e publicado pela comunica\u00e7\u00e3o da Associa\u00e7\u00e3o Brasileira de Psiquiatria) Pe\u00e7a ajuda, ligue 188. Come\u00e7a nessa ter\u00e7a-feira! A campanha nacional do Setembro Amarelo\u00ae completa 13 anos no Brasil em [&hellip;]<\/p>\n","protected":false},"author":10,"featured_media":0,"comment_status":"closed","ping_status":"","sticky":false,"template":"","format":"standard","meta":{"footnotes":""},"categories":[8],"tags":[],"class_list":["post-6545","post","type-post","status-publish","format-standard","hentry","category-noticias"],"_links":{"self":[{"href":"https:\/\/tamarana.pr.gov.br\/novo\/wp-json\/wp\/v2\/posts\/6545","targetHints":{"allow":["GET"]}}],"collection":[{"href":"https:\/\/tamarana.pr.gov.br\/novo\/wp-json\/wp\/v2\/posts"}],"about":[{"href":"https:\/\/tamarana.pr.gov.br\/novo\/wp-json\/wp\/v2\/types\/post"}],"author":[{"embeddable":true,"href":"https:\/\/tamarana.pr.gov.br\/novo\/wp-json\/wp\/v2\/users\/10"}],"replies":[{"embeddable":true,"href":"https:\/\/tamarana.pr.gov.br\/novo\/wp-json\/wp\/v2\/comments?post=6545"}],"version-history":[{"count":1,"href":"https:\/\/tamarana.pr.gov.br\/novo\/wp-json\/wp\/v2\/posts\/6545\/revisions"}],"predecessor-version":[{"id":6547,"href":"https:\/\/tamarana.pr.gov.br\/novo\/wp-json\/wp\/v2\/posts\/6545\/revisions\/6547"}],"wp:attachment":[{"href":"https:\/\/tamarana.pr.gov.br\/novo\/wp-json\/wp\/v2\/media?parent=6545"}],"wp:term":[{"taxonomy":"category","embeddable":true,"href":"https:\/\/tamarana.pr.gov.br\/novo\/wp-json\/wp\/v2\/categories?post=6545"},{"taxonomy":"post_tag","embeddable":true,"href":"https:\/\/tamarana.pr.gov.br\/novo\/wp-json\/wp\/v2\/tags?post=6545"}],"curies":[{"name":"wp","href":"https:\/\/api.w.org\/{rel}","templated":true}]}}