{"id":785,"date":"2025-11-10T14:05:59","date_gmt":"2025-11-10T17:05:59","guid":{"rendered":"https:\/\/tamarana.pr.gov.br\/novo\/?p=785"},"modified":"2025-11-10T15:30:16","modified_gmt":"2025-11-10T18:30:16","slug":"defesa-civil","status":"publish","type":"post","link":"https:\/\/tamarana.pr.gov.br\/novo\/defesa-civil\/","title":{"rendered":"Defesa Civil"},"content":{"rendered":"\n<p>A Defesa Civil \u00e9 a entidade que re\u00fane poder p\u00fablico e comunidade em a\u00e7\u00f5es para evitar, prevenir ou minimizar as consequ\u00eancias dos eventos desastrosos.<\/p>\n\n\n\n<p><\/p>\n\n\n\n<p><strong>Coordenador:<\/strong> Roger Jess Torresin<\/p>\n\n\n\n<p><strong>Localiza\u00e7\u00e3o e contatos:<\/strong><\/p>\n\n\n\n<p><strong>R. Evaristo Camargo, 245<\/strong>&nbsp;\u2013&nbsp;<strong>Tamarana \u2013 PR, 86125-000<\/strong>, Anexo ao pr\u00e9dio da Prefeitura Municipal.<\/p>\n\n\n\n<p>(43) 3398-1970<\/p>\n\n\n\n<p><\/p>\n","protected":false},"excerpt":{"rendered":"<p>A Defesa Civil \u00e9 a entidade que re\u00fane poder p\u00fablico e comunidade em a\u00e7\u00f5es para evitar, prevenir ou minimizar as consequ\u00eancias dos eventos desastrosos. Coordenador: Roger Jess Torresin Localiza\u00e7\u00e3o e contatos: R. Evaristo Camargo, 245&nbsp;\u2013&nbsp;Tamarana \u2013 PR, 86125-000, Anexo ao pr\u00e9dio da Prefeitura Municipal. (43) 3398-1970<\/p>\n","protected":false},"author":2,"featured_media":381,"comment_status":"closed","ping_status":"closed","sticky":false,"template":"","format":"standard","meta":{"footnotes":""},"categories":[19],"tags":[],"class_list":["post-785","post","type-post","status-publish","format-standard","has-post-thumbnail","hentry","category-servicos"],"_links":{"self":[{"href":"https:\/\/tamarana.pr.gov.br\/novo\/wp-json\/wp\/v2\/posts\/785","targetHints":{"allow":["GET"]}}],"collection":[{"href":"https:\/\/tamarana.pr.gov.br\/novo\/wp-json\/wp\/v2\/posts"}],"about":[{"href":"https:\/\/tamarana.pr.gov.br\/novo\/wp-json\/wp\/v2\/types\/post"}],"author":[{"embeddable":true,"href":"https:\/\/tamarana.pr.gov.br\/novo\/wp-json\/wp\/v2\/users\/2"}],"replies":[{"embeddable":true,"href":"https:\/\/tamarana.pr.gov.br\/novo\/wp-json\/wp\/v2\/comments?post=785"}],"version-history":[{"count":3,"href":"https:\/\/tamarana.pr.gov.br\/novo\/wp-json\/wp\/v2\/posts\/785\/revisions"}],"predecessor-version":[{"id":4878,"href":"https:\/\/tamarana.pr.gov.br\/novo\/wp-json\/wp\/v2\/posts\/785\/revisions\/4878"}],"wp:featuredmedia":[{"embeddable":true,"href":"https:\/\/tamarana.pr.gov.br\/novo\/wp-json\/wp\/v2\/media\/381"}],"wp:attachment":[{"href":"https:\/\/tamarana.pr.gov.br\/novo\/wp-json\/wp\/v2\/media?parent=785"}],"wp:term":[{"taxonomy":"category","embeddable":true,"href":"https:\/\/tamarana.pr.gov.br\/novo\/wp-json\/wp\/v2\/categories?post=785"},{"taxonomy":"post_tag","embeddable":true,"href":"https:\/\/tamarana.pr.gov.br\/novo\/wp-json\/wp\/v2\/tags?post=785"}],"curies":[{"name":"wp","href":"https:\/\/api.w.org\/{rel}","templated":true}]}}